{"id":2,"name":"Dra. Sandra Koelln","url":"","description":"Advogada brasileira com atua\u00e7\u00e3o internacional, sediada em Munique, Alemanha. Inscrita na OAB Brasil, na RAK M\u00fcnchen e na Ordem dos Advogados de Portugal, atua nas \u00e1reas de direito de fam\u00edlia internacional, imigra\u00e7\u00e3o, cidadania europeia, direito civil e empresarial, heran\u00e7as internacionais e reconhecimento de decis\u00f5es estrangeiras.","link":"https:\/\/koellnadvogada.com\/de\/author\/sandra-koelln\/","slug":"sandra-koelln","avatar_urls":{"24":"https:\/\/secure.gravatar.com\/avatar\/96ab2420f6f1701a884d75e230a9b7f688ddf1c16c3dc00c37a059cfd9eff436?s=24&d=mm&r=g","48":"https:\/\/secure.gravatar.com\/avatar\/96ab2420f6f1701a884d75e230a9b7f688ddf1c16c3dc00c37a059cfd9eff436?s=48&d=mm&r=g","96":"https:\/\/secure.gravatar.com\/avatar\/96ab2420f6f1701a884d75e230a9b7f688ddf1c16c3dc00c37a059cfd9eff436?s=96&d=mm&r=g"},"meta":[],"elementor_introduction":{"ai-get-started-announcement":true},"_links":{"self":[{"href":"https:\/\/koellnadvogada.com\/de\/wp-json\/wp\/v2\/users\/2","targetHints":{"allow":["GET"]}}],"collection":[{"href":"https:\/\/koellnadvogada.com\/de\/wp-json\/wp\/v2\/users"}]}}